{"id":18567,"date":"2019-07-16T08:19:29","date_gmt":"2019-07-16T05:19:29","guid":{"rendered":"https:\/\/fennougria.ee\/?p=8277"},"modified":"2021-04-17T13:15:32","modified_gmt":"2021-04-17T10:15:32","slug":"indigenous-languages-and-endangered-cultures-conference-to-take-place-in-hungary","status":"publish","type":"post","link":"https:\/\/fennougria.ee\/en\/indigenous-languages-and-endangered-cultures-conference-to-take-place-in-hungary\/","title":{"rendered":"Indigenous Languages and Endangered Cultures conference to take place in Hungary"},"content":{"rendered":"<div class=\"freebirdFormviewerViewHeaderTitleRow\">\n<div dir=\"auto\" role=\"heading\" aria-level=\"1\"><img loading=\"lazy\" decoding=\"async\" class=\"aligncenter wp-image-8278 \" src=\"https:\/\/fennougria.ee\/wp-content\/uploads\/2019\/07\/budapest-768x512.jpg\" alt=\"\" width=\"501\" height=\"334\" \/><\/div>\n<div dir=\"auto\" role=\"heading\" aria-level=\"1\"><\/div>\n<div class=\"freebirdFormviewerViewHeaderTitle exportFormTitle freebirdCustomFont\" dir=\"auto\" role=\"heading\" aria-level=\"1\"><strong>Indigenous Languages, Endangered Cultures conference will take place in november 28\u201329th in 2019. Call for conference abstracts is open until September the 18th.\u00a0<\/strong><\/div>\n<\/div>\n<p>\n<div dir=\"auto\"><\/div>\n<div class=\"freebirdFormviewerViewHeaderDescription\" dir=\"auto\">The United Nations have declared 2019 to be the International Year of Indigenous Languages. To mark this occasion, the Department of Finno-Ugric Studies at the Faculty of Humanities, E\u00f6tv\u00f6s Lor\u00e1nd University is organising an international conference entitled Indigenous Languages, Endangered Cultures, lasting from November 28 to November 29, 2019.<\/div>\n<p>\n<div dir=\"auto\"><\/div>\n<div class=\"freebirdFormviewerViewHeaderDescription\" dir=\"auto\">The event is simultaneously part of a programme series called the Estonian Language Year. On the first afternoon of the conference a thematic symposium entitled A hundred years of Estonian language will also be conducted. In addition, the programme features thematic Estonian and Livonian book launches.<br \/>\nLanguages play a crucial role not only in everyday communication but also in the maintenance of cultural inheritance together with the unique social identity of their speakers. However, a significant part of the world\u2019s languages are endangered indigenous tongues. The conference focuses on the recent situation and the alarming future questions of indigenous languages. Our aim is to consider the possible linguistic and cultural strategies which could contribute to maintaining the present level of global cultural diversity.<\/div>\n<div dir=\"auto\"><\/div>\n<p>\n<div class=\"freebirdFormviewerViewHeaderDescription\" dir=\"auto\"><strong>Topics relevant to conference papers or posters should include (but are not restricted to) the following issues:<\/strong><br \/>\n\u2022 Indigenous languages as the guardians of endangered cultures<br \/>\n\u2022 Standardisation problems of indigenous languages<br \/>\n\u2022 Linguistic and cultural diversity as a global richness of humanity<br \/>\n\u2022 Roles of the linguistic and cultural traditions in preserving communities<br \/>\n\u2022 The impact of contact-induced language changes on some grammatical categories in indigenous languages (e.g. through the symplifying singular-dual-(trial), and grammatical evidentiality-systems)The conference\u2019s patron is Her Excellency Kristi Karelsohn, the Estonian Ambassador to Hungary in Budapest.<\/div>\n<p><strong>Important data:<\/strong><br \/>\n<strong>Date of the conference:<\/strong> November 28-29, 2019<br \/>\n<strong>Length of presentations:<\/strong> 20+5 minutes<br \/>\n<strong>Official languages:<\/strong> Hungarian and English, as well as Estonian during the Estonian symposium<br \/>\n<strong>Participation fee:<\/strong> 50 EUR; doctoral students: 25 EUR.<br \/>\nThe fee includes participation in the conference, a copy of the abstract booklet, coffee breaks between sections as well as lunch and dinner on November 28.<strong>Abstracts<\/strong> should be a maximum of 4000 characters in length, including the main references. Abstracts will be reviewed anonymously by two experts.<\/p>\n<p><strong>Abstracts need to be submitted <a href=\"https:\/\/docs.google.com\/forms\/d\/e\/1FAIpQLSc0Uoz4o8z9sGI6zC4qIvwbeFnGnGP2cWwX3IlOdnsSZ-zwvQ\/viewform?vc=0&amp;c=0&amp;w=1\">here<\/a><\/strong><\/p>\n<p><p>\n<strong>Official e-mail adress:<\/strong> <a href=\"mailto:endangeredlanguages2019@gmail.com\">endangeredlanguages2019@gmail.com<\/a><\/p>\n<p><p>\n<strong>Deadline for submission of abstracts: September 18, 2019 24:00<\/strong><\/p>\n<p><p>\nApplicants with accepted (as well as with rejected) papers or posters will be notified by September 27, 2019 at the latest.<\/p>\n<p><p>\nShould any conference-related questions arise, the organisers will be happy to answer them.<br \/>\nIt is a pleasure to welcome you to Budapest!<\/p>\n<p><p>\n<strong>Members of the organising committee:<\/strong><br \/>\nBereczki Andr\u00e1s<br \/>\nPomozi P\u00e9ter<br \/>\nPusztay J\u00e1nos, head of the organising committee<br \/>\nTim\u00e1r Bog\u00e1ta<\/p>\n","protected":false},"excerpt":{"rendered":"<p>Indigenous Languages, Endangered Cultures conference will take place in november 28\u201329th in 2019. Call for conference abstracts is open until September the 18th.\u00a0 The United &hellip;<\/p>\n","protected":false},"author":17,"featured_media":18135,"comment_status":"closed","ping_status":"closed","sticky":false,"template":"","format":"standard","meta":{"_acf_changed":false,"footnotes":""},"categories":[1096],"tags":[3287,3289,3260,3290],"class_list":["post-18567","post","type-post","status-publish","format-standard","has-post-thumbnail","hentry","category-news","tag-2019-en","tag-conference-en","tag-hungarians-en","tag-languages-en"],"acf":[],"yoast_head":"<!-- This site is optimized with the Yoast SEO plugin v27.3 - https:\/\/yoast.com\/product\/yoast-seo-wordpress\/ -->\n<title>Indigenous Languages and Endangered Cultures conference to take place in Hungary - Fenno-Ugria<\/title>\n<meta name=\"robots\" content=\"index, follow, max-snippet:-1, max-image-preview:large, max-video-preview:-1\" \/>\n<link rel=\"canonical\" href=\"https:\/\/fennougria.ee\/en\/indigenous-languages-and-endangered-cultures-conference-to-take-place-in-hungary\/\" \/>\n<meta property=\"og:locale\" content=\"en_US\" \/>\n<meta property=\"og:type\" content=\"article\" \/>\n<meta property=\"og:title\" content=\"Indigenous Languages and Endangered Cultures conference to take place in Hungary - Fenno-Ugria\" \/>\n<meta property=\"og:description\" content=\"Indigenous Languages, Endangered Cultures conference will take place in november 28\u201329th in 2019. Call for conference abstracts is open until September the 18th.\u00a0 The United &hellip;\" \/>\n<meta property=\"og:url\" content=\"https:\/\/fennougria.ee\/en\/indigenous-languages-and-endangered-cultures-conference-to-take-place-in-hungary\/\" \/>\n<meta property=\"og:site_name\" content=\"Fenno-Ugria\" \/>\n<meta property=\"article:publisher\" content=\"https:\/\/www.facebook.com\/fennougria\/\" \/>\n<meta property=\"article:author\" content=\"www.facebook.com\/fennougria\" \/>\n<meta property=\"article:published_time\" content=\"2019-07-16T05:19:29+00:00\" \/>\n<meta property=\"article:modified_time\" content=\"2021-04-17T10:15:32+00:00\" \/>\n<meta property=\"og:image\" content=\"https:\/\/fennougria.ee\/wp-content\/uploads\/2019\/07\/budapest.jpg\" \/>\n\t<meta property=\"og:image:width\" content=\"960\" \/>\n\t<meta property=\"og:image:height\" content=\"640\" \/>\n\t<meta property=\"og:image:type\" content=\"image\/jpeg\" \/>\n<meta name=\"author\" content=\"Fenno Ugria\" \/>\n<meta name=\"twitter:card\" content=\"summary_large_image\" \/>\n<meta name=\"twitter:label1\" content=\"Written by\" \/>\n\t<meta name=\"twitter:data1\" content=\"Fenno Ugria\" \/>\n\t<meta name=\"twitter:label2\" content=\"Est. reading time\" \/>\n\t<meta name=\"twitter:data2\" content=\"2 minutes\" \/>\n<script type=\"application\/ld+json\" class=\"yoast-schema-graph\">{\"@context\":\"https:\\\/\\\/schema.org\",\"@graph\":[{\"@type\":\"Article\",\"@id\":\"https:\\\/\\\/fennougria.ee\\\/en\\\/indigenous-languages-and-endangered-cultures-conference-to-take-place-in-hungary\\\/#article\",\"isPartOf\":{\"@id\":\"https:\\\/\\\/fennougria.ee\\\/en\\\/indigenous-languages-and-endangered-cultures-conference-to-take-place-in-hungary\\\/\"},\"author\":{\"name\":\"Fenno Ugria\",\"@id\":\"https:\\\/\\\/fennougria.ee\\\/en\\\/#\\\/schema\\\/person\\\/62aa065b187753641c54519418d07cf5\"},\"headline\":\"Indigenous Languages and Endangered Cultures conference to take place in Hungary\",\"datePublished\":\"2019-07-16T05:19:29+00:00\",\"dateModified\":\"2021-04-17T10:15:32+00:00\",\"mainEntityOfPage\":{\"@id\":\"https:\\\/\\\/fennougria.ee\\\/en\\\/indigenous-languages-and-endangered-cultures-conference-to-take-place-in-hungary\\\/\"},\"wordCount\":453,\"image\":{\"@id\":\"https:\\\/\\\/fennougria.ee\\\/en\\\/indigenous-languages-and-endangered-cultures-conference-to-take-place-in-hungary\\\/#primaryimage\"},\"thumbnailUrl\":\"https:\\\/\\\/fennougria.ee\\\/wp-content\\\/uploads\\\/2019\\\/07\\\/budapest.jpg\",\"keywords\":[\"2019\",\"conference\",\"Hungarians\",\"languages\"],\"articleSection\":[\"News\"],\"inLanguage\":\"en-US\"},{\"@type\":\"WebPage\",\"@id\":\"https:\\\/\\\/fennougria.ee\\\/en\\\/indigenous-languages-and-endangered-cultures-conference-to-take-place-in-hungary\\\/\",\"url\":\"https:\\\/\\\/fennougria.ee\\\/en\\\/indigenous-languages-and-endangered-cultures-conference-to-take-place-in-hungary\\\/\",\"name\":\"Indigenous Languages and Endangered Cultures conference to take place in Hungary - Fenno-Ugria\",\"isPartOf\":{\"@id\":\"https:\\\/\\\/fennougria.ee\\\/en\\\/#website\"},\"primaryImageOfPage\":{\"@id\":\"https:\\\/\\\/fennougria.ee\\\/en\\\/indigenous-languages-and-endangered-cultures-conference-to-take-place-in-hungary\\\/#primaryimage\"},\"image\":{\"@id\":\"https:\\\/\\\/fennougria.ee\\\/en\\\/indigenous-languages-and-endangered-cultures-conference-to-take-place-in-hungary\\\/#primaryimage\"},\"thumbnailUrl\":\"https:\\\/\\\/fennougria.ee\\\/wp-content\\\/uploads\\\/2019\\\/07\\\/budapest.jpg\",\"datePublished\":\"2019-07-16T05:19:29+00:00\",\"dateModified\":\"2021-04-17T10:15:32+00:00\",\"author\":{\"@id\":\"https:\\\/\\\/fennougria.ee\\\/en\\\/#\\\/schema\\\/person\\\/62aa065b187753641c54519418d07cf5\"},\"breadcrumb\":{\"@id\":\"https:\\\/\\\/fennougria.ee\\\/en\\\/indigenous-languages-and-endangered-cultures-conference-to-take-place-in-hungary\\\/#breadcrumb\"},\"inLanguage\":\"en-US\",\"potentialAction\":[{\"@type\":\"ReadAction\",\"target\":[\"https:\\\/\\\/fennougria.ee\\\/en\\\/indigenous-languages-and-endangered-cultures-conference-to-take-place-in-hungary\\\/\"]}]},{\"@type\":\"ImageObject\",\"inLanguage\":\"en-US\",\"@id\":\"https:\\\/\\\/fennougria.ee\\\/en\\\/indigenous-languages-and-endangered-cultures-conference-to-take-place-in-hungary\\\/#primaryimage\",\"url\":\"https:\\\/\\\/fennougria.ee\\\/wp-content\\\/uploads\\\/2019\\\/07\\\/budapest.jpg\",\"contentUrl\":\"https:\\\/\\\/fennougria.ee\\\/wp-content\\\/uploads\\\/2019\\\/07\\\/budapest.jpg\",\"width\":960,\"height\":640},{\"@type\":\"BreadcrumbList\",\"@id\":\"https:\\\/\\\/fennougria.ee\\\/en\\\/indigenous-languages-and-endangered-cultures-conference-to-take-place-in-hungary\\\/#breadcrumb\",\"itemListElement\":[{\"@type\":\"ListItem\",\"position\":1,\"name\":\"Home\",\"item\":\"https:\\\/\\\/fennougria.ee\\\/en\\\/\"},{\"@type\":\"ListItem\",\"position\":2,\"name\":\"Indigenous Languages and Endangered Cultures conference to take place in Hungary\"}]},{\"@type\":\"WebSite\",\"@id\":\"https:\\\/\\\/fennougria.ee\\\/en\\\/#website\",\"url\":\"https:\\\/\\\/fennougria.ee\\\/en\\\/\",\"name\":\"Fenno-Ugria\",\"description\":\"Koost\u00f6\u00f6s soome-ugri rahvastega aastast 1927\",\"potentialAction\":[{\"@type\":\"SearchAction\",\"target\":{\"@type\":\"EntryPoint\",\"urlTemplate\":\"https:\\\/\\\/fennougria.ee\\\/en\\\/?s={search_term_string}\"},\"query-input\":{\"@type\":\"PropertyValueSpecification\",\"valueRequired\":true,\"valueName\":\"search_term_string\"}}],\"inLanguage\":\"en-US\"}]}<\/script>\n<!-- \/ Yoast SEO plugin. -->","yoast_head_json":{"title":"Indigenous Languages and Endangered Cultures conference to take place in Hungary - Fenno-Ugria","robots":{"index":"index","follow":"follow","max-snippet":"max-snippet:-1","max-image-preview":"max-image-preview:large","max-video-preview":"max-video-preview:-1"},"canonical":"https:\/\/fennougria.ee\/en\/indigenous-languages-and-endangered-cultures-conference-to-take-place-in-hungary\/","og_locale":"en_US","og_type":"article","og_title":"Indigenous Languages and Endangered Cultures conference to take place in Hungary - Fenno-Ugria","og_description":"Indigenous Languages, Endangered Cultures conference will take place in november 28\u201329th in 2019. Call for conference abstracts is open until September the 18th.\u00a0 The United &hellip;","og_url":"https:\/\/fennougria.ee\/en\/indigenous-languages-and-endangered-cultures-conference-to-take-place-in-hungary\/","og_site_name":"Fenno-Ugria","article_publisher":"https:\/\/www.facebook.com\/fennougria\/","article_author":"www.facebook.com\/fennougria","article_published_time":"2019-07-16T05:19:29+00:00","article_modified_time":"2021-04-17T10:15:32+00:00","og_image":[{"width":960,"height":640,"url":"https:\/\/fennougria.ee\/wp-content\/uploads\/2019\/07\/budapest.jpg","type":"image\/jpeg"}],"author":"Fenno Ugria","twitter_card":"summary_large_image","twitter_misc":{"Written by":"Fenno Ugria","Est. reading time":"2 minutes"},"schema":{"@context":"https:\/\/schema.org","@graph":[{"@type":"Article","@id":"https:\/\/fennougria.ee\/en\/indigenous-languages-and-endangered-cultures-conference-to-take-place-in-hungary\/#article","isPartOf":{"@id":"https:\/\/fennougria.ee\/en\/indigenous-languages-and-endangered-cultures-conference-to-take-place-in-hungary\/"},"author":{"name":"Fenno Ugria","@id":"https:\/\/fennougria.ee\/en\/#\/schema\/person\/62aa065b187753641c54519418d07cf5"},"headline":"Indigenous Languages and Endangered Cultures conference to take place in Hungary","datePublished":"2019-07-16T05:19:29+00:00","dateModified":"2021-04-17T10:15:32+00:00","mainEntityOfPage":{"@id":"https:\/\/fennougria.ee\/en\/indigenous-languages-and-endangered-cultures-conference-to-take-place-in-hungary\/"},"wordCount":453,"image":{"@id":"https:\/\/fennougria.ee\/en\/indigenous-languages-and-endangered-cultures-conference-to-take-place-in-hungary\/#primaryimage"},"thumbnailUrl":"https:\/\/fennougria.ee\/wp-content\/uploads\/2019\/07\/budapest.jpg","keywords":["2019","conference","Hungarians","languages"],"articleSection":["News"],"inLanguage":"en-US"},{"@type":"WebPage","@id":"https:\/\/fennougria.ee\/en\/indigenous-languages-and-endangered-cultures-conference-to-take-place-in-hungary\/","url":"https:\/\/fennougria.ee\/en\/indigenous-languages-and-endangered-cultures-conference-to-take-place-in-hungary\/","name":"Indigenous Languages and Endangered Cultures conference to take place in Hungary - Fenno-Ugria","isPartOf":{"@id":"https:\/\/fennougria.ee\/en\/#website"},"primaryImageOfPage":{"@id":"https:\/\/fennougria.ee\/en\/indigenous-languages-and-endangered-cultures-conference-to-take-place-in-hungary\/#primaryimage"},"image":{"@id":"https:\/\/fennougria.ee\/en\/indigenous-languages-and-endangered-cultures-conference-to-take-place-in-hungary\/#primaryimage"},"thumbnailUrl":"https:\/\/fennougria.ee\/wp-content\/uploads\/2019\/07\/budapest.jpg","datePublished":"2019-07-16T05:19:29+00:00","dateModified":"2021-04-17T10:15:32+00:00","author":{"@id":"https:\/\/fennougria.ee\/en\/#\/schema\/person\/62aa065b187753641c54519418d07cf5"},"breadcrumb":{"@id":"https:\/\/fennougria.ee\/en\/indigenous-languages-and-endangered-cultures-conference-to-take-place-in-hungary\/#breadcrumb"},"inLanguage":"en-US","potentialAction":[{"@type":"ReadAction","target":["https:\/\/fennougria.ee\/en\/indigenous-languages-and-endangered-cultures-conference-to-take-place-in-hungary\/"]}]},{"@type":"ImageObject","inLanguage":"en-US","@id":"https:\/\/fennougria.ee\/en\/indigenous-languages-and-endangered-cultures-conference-to-take-place-in-hungary\/#primaryimage","url":"https:\/\/fennougria.ee\/wp-content\/uploads\/2019\/07\/budapest.jpg","contentUrl":"https:\/\/fennougria.ee\/wp-content\/uploads\/2019\/07\/budapest.jpg","width":960,"height":640},{"@type":"BreadcrumbList","@id":"https:\/\/fennougria.ee\/en\/indigenous-languages-and-endangered-cultures-conference-to-take-place-in-hungary\/#breadcrumb","itemListElement":[{"@type":"ListItem","position":1,"name":"Home","item":"https:\/\/fennougria.ee\/en\/"},{"@type":"ListItem","position":2,"name":"Indigenous Languages and Endangered Cultures conference to take place in Hungary"}]},{"@type":"WebSite","@id":"https:\/\/fennougria.ee\/en\/#website","url":"https:\/\/fennougria.ee\/en\/","name":"Fenno-Ugria","description":"Koost\u00f6\u00f6s soome-ugri rahvastega aastast 1927","potentialAction":[{"@type":"SearchAction","target":{"@type":"EntryPoint","urlTemplate":"https:\/\/fennougria.ee\/en\/?s={search_term_string}"},"query-input":{"@type":"PropertyValueSpecification","valueRequired":true,"valueName":"search_term_string"}}],"inLanguage":"en-US"}]}},"_links":{"self":[{"href":"https:\/\/fennougria.ee\/en\/wp-json\/wp\/v2\/posts\/18567","targetHints":{"allow":["GET"]}}],"collection":[{"href":"https:\/\/fennougria.ee\/en\/wp-json\/wp\/v2\/posts"}],"about":[{"href":"https:\/\/fennougria.ee\/en\/wp-json\/wp\/v2\/types\/post"}],"author":[{"embeddable":true,"href":"https:\/\/fennougria.ee\/en\/wp-json\/wp\/v2\/users\/17"}],"replies":[{"embeddable":true,"href":"https:\/\/fennougria.ee\/en\/wp-json\/wp\/v2\/comments?post=18567"}],"version-history":[{"count":1,"href":"https:\/\/fennougria.ee\/en\/wp-json\/wp\/v2\/posts\/18567\/revisions"}],"predecessor-version":[{"id":33058,"href":"https:\/\/fennougria.ee\/en\/wp-json\/wp\/v2\/posts\/18567\/revisions\/33058"}],"wp:featuredmedia":[{"embeddable":true,"href":"https:\/\/fennougria.ee\/en\/wp-json\/wp\/v2\/media\/18135"}],"wp:attachment":[{"href":"https:\/\/fennougria.ee\/en\/wp-json\/wp\/v2\/media?parent=18567"}],"wp:term":[{"taxonomy":"category","embeddable":true,"href":"https:\/\/fennougria.ee\/en\/wp-json\/wp\/v2\/categories?post=18567"},{"taxonomy":"post_tag","embeddable":true,"href":"https:\/\/fennougria.ee\/en\/wp-json\/wp\/v2\/tags?post=18567"}],"curies":[{"name":"wp","href":"https:\/\/api.w.org\/{rel}","templated":true}]}}